{"id":1083,"date":"2025-12-08T19:12:01","date_gmt":"2025-12-08T19:12:01","guid":{"rendered":"https:\/\/wojnarowska.blog\/?p=1083"},"modified":"2025-12-08T19:12:01","modified_gmt":"2025-12-08T19:12:01","slug":"karolina-ligocka-szczelina-mroku","status":"publish","type":"post","link":"https:\/\/wojnarowska.blog\/index.php\/2025\/12\/08\/karolina-ligocka-szczelina-mroku\/","title":{"rendered":"KAROLINA LIGOCKA &#8222;SZCZELINA MROKU&#8221;"},"content":{"rendered":"\n<blockquote class=\"wp-block-quote\"><p>W Piekle ju\u017c by\u0142am, a z Nieba mnie wywalili.<\/p><\/blockquote>\n\n\n\n<p>W swojej ziemskiej w\u0119dr\u00f3wce nara\u017ceni jeste\u015bmy cz\u0119sto na r\u00f3\u017cnego rodzaju pu\u0142apki, zakr\u0119ty i dziury, w kt\u00f3re wpadamy i pr\u00f3bujemy si\u0119 z nich wydosta\u0107. O ile \u0142atwiej by\u0142oby i\u015b\u0107 przez \u017cycie bez tych wszystkich utrudnie\u0144 i zmartwie\u0144. Zu\u017cywamy si\u0142y i energi\u0119 na radzenie sobie z problemami, a zdarza si\u0119, \u017ce rodzi si\u0119 w naszym sercu ch\u0119\u0107 zemsty &#8211; na losie, na przeznaczeniu, na czymkolwiek, co przynios\u0142oby nam ulg\u0119 i ukojenie. Najgorzej, kiedy nasza z\u0142o\u015b\u0107 kieruje si\u0119 w stron\u0119 konkretnego cz\u0142owieka czy istoty. Wtedy zemsta mo\u017ce przerodzi\u0107 si\u0119 w okrutn\u0105 walk\u0119, nawet na \u015bmier\u0107 i \u017cycie, a mrok zaczyna wype\u0142nia\u0107 nasz\u0105 dusz\u0119. Wystarczy szczelina, aby uwolni\u0107 bardzo z\u0142e emocje, a zamkni\u0119cie jej mo\u017ce nie by\u0107 takie proste. Z\u0142o ma to do siebie, \u017ce nie daje si\u0119 tak \u0142atwo pokona\u0107. Warto jednak pr\u00f3bowa\u0107.<\/p>\n\n\n\n<blockquote class=\"wp-block-quote\"><p>W Niebie zawsze m\u00f3wi\u0142o si\u0119 w\u015br\u00f3d egzekutor\u00f3w, \u017ce je\u015bli kto\u015b ma by\u0107 wielki, trzeba mu dawa\u0107 wielkie zadania, ale ona mia\u0142a ich a\u017c nadto.<\/p><\/blockquote>\n\n\n\n<p>Narida, &#8222;diablica w anielskim ciele&#8221;, do\u015bwiadcza tak wielu niemi\u0142ych niespodzianek, i\u017c dochodzi do wniosku, \u017ce los si\u0119 po prostu na niej uwzi\u0105\u0142 i wola\u0142aby, \u017ceby si\u0119 odczepi\u0142 i pozwoli\u0142 jej spokojnie \u017cy\u0107. Raz ju\u017c przecie\u017c walczy\u0142a z tymi, kt\u00f3rych uwa\u017ca\u0142a kiedy\u015b za sprzymierze\u0144c\u00f3w, a kt\u00f3rzy bardzo j\u0105 skrzywdzili. Przyda\u0142aby si\u0119 w ko\u0144cu chwila wytchnienia! W przeciwnym razie Narida mo\u017ce niebezpiecznie zbli\u017cy\u0107 si\u0119 do granicy, za kt\u00f3r\u0105 czai si\u0119 mrok i ch\u0119\u0107 zemsty. A tu nie tylko przychodzi jej znowu uda\u0107 si\u0119 do Piek\u0142a, ale te\u017c powita\u0107 piekielnych u progu swego domu. Ci jednak pr\u00f3buj\u0105 j\u0105 wykorzysta\u0107 do swoich niecnych cel\u00f3w, a stawk\u0105 jest szcz\u0119\u015bcie ca\u0142ego \u015bwiata. C\u00f3\u017c jednak zrobi\u0107, kiedy kto\u015b karmi si\u0119 jedynie zemst\u0105 i nie ogranicza si\u0119 w swojej nienawi\u015bci tylko do swojego podw\u00f3rka, ale atakuje inne stworzenia, inne \u015bwiaty i nawet Niebo nie jest bezpieczne. W takich okoliczno\u015bciach trzeba stan\u0105\u0107 do walki i pokona\u0107 z\u0142o panosz\u0105ce si\u0119&#8230; w Piekle. Tak, tak, w Piekle mo\u017ce by\u0107 znacznie gorzej ni\u017c nam si\u0119 wydaje.<\/p>\n\n\n\n<blockquote class=\"wp-block-quote\"><p>W takim razie zaczynamy kolejne zbawianie \u015bwiata.<\/p><\/blockquote>\n\n\n\n<p>Ile\u017c ciekawych, acz niebezpiecznych przyg\u00f3d do\u015bwiadczy Narida i jej kompania. Tutaj ju\u017c nie tylko demony b\u0119d\u0105 jej towarzyszy\u0107, ale te\u017c bardzo tajemniczy elf, ob\u015blizg\u0142y gnom i jeszcze paru innych niesamowitych osobnik\u00f3w. Trzeba b\u0119dzie odkry\u0107 kolejne tajemnice, kt\u00f3re skrywa przed ni\u0105 \u015bwiat, a kt\u00f3re oka\u017c\u0105 si\u0119 niezb\u0119dne do jego uratowania. To ju\u017c nie tylko walka o dobre imi\u0119 i sprawiedliwo\u015b\u0107, ale cz\u0119sto krwawe tortury, kt\u00f3re pozbawiaj\u0105 godno\u015bci. To zaprz\u0119gni\u0119cie do bitwy si\u0142 natury, sprzymierze\u0144c\u00f3w, a i modlitwa si\u0119 przyda o pomy\u015blno\u015b\u0107 ca\u0142ego przedsi\u0119wzi\u0119cia. Czy uda si\u0119 pokona\u0107 mrok w najstraszniejszej jego postaci? Czy wszyscy wyjd\u0105 z tego obronn\u0105 r\u0119k\u0105? A mo\u017ce trzeba b\u0119dzie po\u015bwi\u0119ci\u0107 wi\u0119cej ni\u017c nam si\u0119 wydawa\u0142o? Bardzo niebezpiecznie jest igra\u0107 z sam\u0105 \u015amierci\u0105&#8230;<\/p>\n\n\n\n<blockquote class=\"wp-block-quote\"><p>Je\u015bli m\u00f3wi\u0119 A, to B jest gwarantowane.<\/p><\/blockquote>\n\n\n\n<p>&#8222;Szczelina mroku&#8221; to kolejna ods\u0142ona niezwyk\u0142ej wizji \u015bwiata, w kt\u00f3rym anio\u0142y i demony to tylko wierzcho\u0142ek r\u00f3\u017cnorodno\u015bci gatunk\u00f3w, jakie w nim mieszkaj\u0105. Niekt\u00f3re dostojne, inne brzydkie, a jeszcze inne nie mieszcz\u0105 si\u0119 w \u017cadnym znanym kanonie pi\u0119kna. Bez wzgl\u0119du jednak na przynale\u017cno\u015b\u0107 gatunkow\u0105, ka\u017cdy ma prawo \u017cy\u0107 w \u015bwiecie, w kt\u00f3rym przestrzega si\u0119 regu\u0142 dobrego wsp\u00f3\u0142\u017cycia w spo\u0142ecze\u0144stwie. Bo kiedy jedni zaczynaj\u0105 si\u0119 czu\u0107 wa\u017cniejsi od innych i ogarnia ich \u017c\u0105dza wy\u017cszo\u015bci i zemsty, wtedy ca\u0142a reszta musi chroni\u0107 to, co najwa\u017cniejsze, czyli \u017cycie. To w\u0142a\u015bnie owa walka o zasady, o wolno\u015b\u0107 i o porz\u0105dek na \u015bwiecie jest kanw\u0105 tej opowie\u015bci. W jak\u017ce obrazowy spos\u00f3b przedstawia konsekwencje sytuacji, w kt\u00f3rej spersonifikowane z\u0142o my\u015bli, \u017ce pokona dobro, kt\u00f3re ma na szcz\u0119\u015bcie znacznie wi\u0119ksz\u0105 liczb\u0119 zwolennik\u00f3w. A nikt w ko\u0144cu nie powiedzia\u0142, \u017ce niekt\u00f3rych z\u0142ych dusz nie da si\u0119 nawr\u00f3ci\u0107. Po prostu warto by\u0107 konsekwentnym w czynieniu dobra.<\/p>\n\n\n\n<p>Zajrzyjcie przez szczelin\u0119 do \u015bwiata, kt\u00f3ry mo\u017ce ju\u017c was nie wypu\u015bci\u0107 z powrotem. Polecam.<\/p>\n\n\n\n<p>*Wszystkie cytaty pochodz\u0105 z ksi\u0105\u017cki <em>Szczelina mroku<\/em>, Karolina Ligocka, Wydawnictwo Mi\u0119ta, 2025<\/p>\n\n\n\n<p>*Wsp\u00f3\u0142praca recenzencka z Wydawnictwem Mi\u0119ta. <\/p>\n\n\n\n<p> <\/p>\n","protected":false},"excerpt":{"rendered":"<p>W Piekle ju\u017c by\u0142am, a z Nieba mnie wywalili. W swojej ziemskiej w\u0119dr\u00f3wce nara\u017ceni jeste\u015bmy cz\u0119sto na r\u00f3\u017cnego rodzaju pu\u0142apki, zakr\u0119ty i dziury, w kt\u00f3re wpadamy i pr\u00f3bujemy si\u0119 z nich wydosta\u0107. O ile \u0142atwiej by\u0142oby i\u015b\u0107 przez \u017cycie bez tych wszystkich utrudnie\u0144 i zmartwie\u0144. Zu\u017cywamy si\u0142y i energi\u0119 na radzenie sobie z problemami, a [&hellip;]<\/p>\n","protected":false},"author":3,"featured_media":1095,"comment_status":"open","ping_status":"open","sticky":false,"template":"","format":"standard","meta":[],"categories":[20],"tags":[205,206,203,209,40],"_links":{"self":[{"href":"https:\/\/wojnarowska.blog\/index.php\/wp-json\/wp\/v2\/posts\/1083"}],"collection":[{"href":"https:\/\/wojnarowska.blog\/index.php\/wp-json\/wp\/v2\/posts"}],"about":[{"href":"https:\/\/wojnarowska.blog\/index.php\/wp-json\/wp\/v2\/types\/post"}],"author":[{"embeddable":true,"href":"https:\/\/wojnarowska.blog\/index.php\/wp-json\/wp\/v2\/users\/3"}],"replies":[{"embeddable":true,"href":"https:\/\/wojnarowska.blog\/index.php\/wp-json\/wp\/v2\/comments?post=1083"}],"version-history":[{"count":4,"href":"https:\/\/wojnarowska.blog\/index.php\/wp-json\/wp\/v2\/posts\/1083\/revisions"}],"predecessor-version":[{"id":1093,"href":"https:\/\/wojnarowska.blog\/index.php\/wp-json\/wp\/v2\/posts\/1083\/revisions\/1093"}],"wp:featuredmedia":[{"embeddable":true,"href":"https:\/\/wojnarowska.blog\/index.php\/wp-json\/wp\/v2\/media\/1095"}],"wp:attachment":[{"href":"https:\/\/wojnarowska.blog\/index.php\/wp-json\/wp\/v2\/media?parent=1083"}],"wp:term":[{"taxonomy":"category","embeddable":true,"href":"https:\/\/wojnarowska.blog\/index.php\/wp-json\/wp\/v2\/categories?post=1083"},{"taxonomy":"post_tag","embeddable":true,"href":"https:\/\/wojnarowska.blog\/index.php\/wp-json\/wp\/v2\/tags?post=1083"}],"curies":[{"name":"wp","href":"https:\/\/api.w.org\/{rel}","templated":true}]}}