{"id":1268,"date":"2026-04-27T10:48:15","date_gmt":"2026-04-27T10:48:15","guid":{"rendered":"https:\/\/wojnarowska.blog\/?p=1268"},"modified":"2026-04-27T10:48:15","modified_gmt":"2026-04-27T10:48:15","slug":"malgorzata-lis-dom-przy-starym-mlynie","status":"publish","type":"post","link":"https:\/\/wojnarowska.blog\/index.php\/2026\/04\/27\/malgorzata-lis-dom-przy-starym-mlynie\/","title":{"rendered":"MA\u0141GORZATA LIS &#8222;DOM PRZY STARYM M\u0141YNIE&#8221;"},"content":{"rendered":"\n<blockquote class=\"wp-block-quote\"><p>Nie odk\u0142adaj szcz\u0119\u015bcia, kt\u00f3re jest blisko, nawet je\u015bli ci si\u0119 wydaje, \u017ce jeszcze nadejdzie w\u0142a\u015bciwszy moment.<\/p><\/blockquote>\n\n\n\n<p>S\u0142owo <em>dom<\/em> powinno si\u0119 nam kojarzy\u0107 z czym\u015b przyjemnym, bezpiecznym i sta\u0142ym. Dom to miejsce, do kt\u00f3rego powinno nam si\u0119 chcie\u0107 wraca\u0107 z u\u015bmiechem na ustach. Je\u015bli tylko znajduj\u0105 si\u0119 w nim ludzie, kt\u00f3rych si\u0119 kocha, nie ma na \u015bwiecie lepszej przystani. Bo dom to nie tylko cztery \u015bciany, ale ca\u0142e wn\u0119trze, kt\u00f3re jest jedyne w swoim rodzaju dzi\u0119ki tym, kt\u00f3rzy w nim mieszkaj\u0105. Co stanie si\u0119, je\u015bli nagle kogo\u015b w nim zabraknie? Co poczujemy, je\u015bli nasze cztery \u015bciany trzeba b\u0119dzie komu\u015b odda\u0107? Czy zdo\u0142amy stworzy\u0107 nowy dom w zupe\u0142nie innym miejscu? A mo\u017ce lepiej zabra\u0107 go ze sob\u0105 i z\u0142o\u017cy\u0107 ponownie niczym puzzle, kt\u00f3re kto\u015b rozsypa\u0142?<\/p>\n\n\n\n<blockquote class=\"wp-block-quote\"><p>Wspomnienia czasem bol\u0105 (\u2026) Ale to nie znaczy, by zamiata\u0107 je pod dywan, prawda?<\/p><\/blockquote>\n\n\n\n<p>Wrzesie\u0144 roku 1939 kojarzy nam si\u0119 dzisiaj z jednym wydarzeniem, z wybuchem wojny, kt\u00f3ra wywr\u00f3ci\u0142a \u015bwiat do g\u00f3ry nogami. Ma\u0142ej Halince jawi\u0142 si\u0119 on wtedy jako kolejny pocz\u0105tek szkolnej przygody, zabawy z przyjaci\u00f3\u0142mi i zdobywaniem wiedzy. Mo\u017cna sobie tylko wyobrazi\u0107, jak bardzo dla niej \u015bwiat straci\u0142 sw\u00f3j sta\u0142y porz\u0105dek, a zapanowa\u0142 w nim chaos i tak wiele niewiadomych. A ona tak bardzo chcia\u0142a owe niewiadome rozszyfrowa\u0107, wyja\u015bni\u0107, zrozumie\u0107\u2026 Wychowywana w domu m\u0142ynarza, w ma\u0142ej miejscowo\u015bci ko\u0142o Zwolenia, powoli traci \u015bwiat, kt\u00f3ry zna\u0142a i kocha\u0142a \u2013 ukochanych cz\u0142onk\u00f3w rodziny, przyjaci\u00f3\u0142, kt\u00f3rych kto\u015b nagle zabroni\u0142 jej spotyka\u0107, a przede wszystkim nauczycieli, kt\u00f3rzy t\u0142umaczyliby jej to, co si\u0119 wok\u00f3\u0142 niej dzia\u0142o. Halinka by\u0142a tylko ma\u0142\u0105 dziewczynk\u0105, a w ci\u0105gu kilku lat musia\u0142a dorosn\u0105\u0107 i ogarn\u0105\u0107 rzeczywisto\u015b\u0107, kt\u00f3ra zmienia\u0142a si\u0119 zdecydowanie za szybko, zbyt brutalnie, zbyt bole\u015bnie. Czy po latach kto\u015b b\u0119dzie w stanie zrozumie\u0107 i wyja\u015bni\u0107 to, czego ona w tak okrutny spos\u00f3b musia\u0142a do\u015bwiadczy\u0107? I przebaczy\u0107\u2026<\/p>\n\n\n\n<blockquote class=\"wp-block-quote\"><p>Uwa\u017cam, \u017ce zgoda na to, co si\u0119 wydarzy\u0142o, cho\u0107 i tak niczego nie zmieni w biegu historii, jest nam potrzebna. To jak pogodzi\u0107 si\u0119 z kim\u015b bliskim. Przebaczy\u0107 sobie i innym. Oczy\u015bci\u0107.<\/p><\/blockquote>\n\n\n\n<p>Po wielu latach histori\u0119 Halinki i ca\u0142ej jej rodziny pr\u00f3buje odtworzy\u0107 Weronika. Wraca na jaki\u015b czas w rodzinne strony i pieczo\u0142owicie spisuje opowie\u015bci swojej babci oraz poszukuje odpowiedzi na pytania, kt\u00f3re pojawiaj\u0105 si\u0119 w trakcie i nie pozwalaj\u0105 jej o sobie zapomnie\u0107. Pragnie ocali\u0107 od zapomnienia histori\u0119 ludzi, dla kt\u00f3rych wojna okaza\u0142a si\u0119 rzeczywisto\u015bci\u0105, a nie tylko dat\u0105 z podr\u0119cznika. Wspomnienia, kt\u00f3rych s\u0142ucha, miejsca, kt\u00f3re odwiedza i listy, kt\u00f3re znajduje utwierdzaj\u0105 j\u0105 tylko w przekonaniu, \u017ce przesz\u0142o\u015bci nie mo\u017cna od\u0142o\u017cy\u0107 do lamusa, zignorowa\u0107, zapomnie\u0107\u2026 Jednak kiedy spotyka na swojej drodze Huberta, okazuje si\u0119, \u017ce nie wszyscy podzielaj\u0105 jej fascynacje, a spos\u00f3b przekazywania historii mo\u017ce wp\u0142yn\u0105\u0107 na jej zrozumienie. Nie bez znaczenia bowiem s\u0105 prze\u017cycia oraz ich osobisty odbi\u00f3r, a p\u00f3\u017aniej przekazywanie ich przysz\u0142ym pokoleniom.<\/p>\n\n\n\n<p>\u201cDom przy starym m\u0142ynie\u201d to opowie\u015b\u0107 o rodzinie, kt\u00f3rej wojenne i powojenne do\u015bwiadczenia staj\u0105 si\u0119 kanw\u0105 wsp\u00f3\u0142czesnej dyskusji na temat naszego podej\u015bcia do historii, przesz\u0142o\u015bci, oceniania jej i przekazywania dalej. To niezwykle wzruszaj\u0105ca relacja prze\u017cy\u0107 z perspektywy ma\u0142ej dziewczynki oraz kobiet, kt\u00f3re z niepokojem z sercu oczekiwa\u0142y powrotu najbli\u017cszych do domu. \u00a0To tak\u017ce pi\u0119kna metafora \u017cycia, kt\u00f3re toczy si\u0119 niczym ko\u0142o m\u0142y\u0144skie \u2013 p\u00f3ki si\u0119 kr\u0119ci, raz szybciej raz wolniej, p\u00f3ty mamy chleb, kt\u00f3ry zapewnia prze\u017cycie; kiedy za\u015b si\u0119 zatrzyma, w naszym \u017cyciu zachodz\u0105 nieodwracalne zmiany, a my d\u0105\u017cymy do tego, aby ko\u0142o znowu zacz\u0119\u0142o si\u0119 kr\u0119ci\u0107. Wiadomo jednak, \u017ce m\u0142yn to ju\u017c melodia przesz\u0142o\u015bci, a zatem \u017cycie tak\u017ce musia\u0142o poszuka\u0107 innego wyj\u015bcia i przystosowa\u0107 si\u0119 do nowych warunk\u00f3w. Nie oznacza to, \u017ce nie nale\u017cy ze sob\u0105 zabiera\u0107 tego, co jest dla nas najcenniejsze i piel\u0119gnowa\u0107 drogi, kt\u00f3r\u0105 musia\u0142y wraz z nami przej\u015b\u0107.<\/p>\n\n\n\n<p>Polecam \u2013 warto uchyli\u0107 drzwi domu przy starym m\u0142ynie i pos\u0142ucha\u0107 szumu ko\u0142a, kt\u00f3re \u017cyciem si\u0119 toczy.<\/p>\n\n\n\n<p>*Wszystkie cytaty pochodz\u0105 z ksi\u0105\u017cki <em>Dom przy starym m\u0142ynie<\/em>, Ma\u0142gorzata Lis, Wydawnictwo Dobre Strony, 2026<\/p>\n","protected":false},"excerpt":{"rendered":"<p>Nie odk\u0142adaj szcz\u0119\u015bcia, kt\u00f3re jest blisko, nawet je\u015bli ci si\u0119 wydaje, \u017ce jeszcze nadejdzie w\u0142a\u015bciwszy moment. S\u0142owo dom powinno si\u0119 nam kojarzy\u0107 z czym\u015b przyjemnym, bezpiecznym i sta\u0142ym. Dom to miejsce, do kt\u00f3rego powinno nam si\u0119 chcie\u0107 wraca\u0107 z u\u015bmiechem na ustach. Je\u015bli tylko znajduj\u0105 si\u0119 w nim ludzie, kt\u00f3rych si\u0119 kocha, nie ma na [&hellip;]<\/p>\n","protected":false},"author":3,"featured_media":1270,"comment_status":"open","ping_status":"open","sticky":false,"template":"","format":"standard","meta":[],"categories":[13],"tags":[190,271,270,197],"_links":{"self":[{"href":"https:\/\/wojnarowska.blog\/index.php\/wp-json\/wp\/v2\/posts\/1268"}],"collection":[{"href":"https:\/\/wojnarowska.blog\/index.php\/wp-json\/wp\/v2\/posts"}],"about":[{"href":"https:\/\/wojnarowska.blog\/index.php\/wp-json\/wp\/v2\/types\/post"}],"author":[{"embeddable":true,"href":"https:\/\/wojnarowska.blog\/index.php\/wp-json\/wp\/v2\/users\/3"}],"replies":[{"embeddable":true,"href":"https:\/\/wojnarowska.blog\/index.php\/wp-json\/wp\/v2\/comments?post=1268"}],"version-history":[{"count":2,"href":"https:\/\/wojnarowska.blog\/index.php\/wp-json\/wp\/v2\/posts\/1268\/revisions"}],"predecessor-version":[{"id":1271,"href":"https:\/\/wojnarowska.blog\/index.php\/wp-json\/wp\/v2\/posts\/1268\/revisions\/1271"}],"wp:featuredmedia":[{"embeddable":true,"href":"https:\/\/wojnarowska.blog\/index.php\/wp-json\/wp\/v2\/media\/1270"}],"wp:attachment":[{"href":"https:\/\/wojnarowska.blog\/index.php\/wp-json\/wp\/v2\/media?parent=1268"}],"wp:term":[{"taxonomy":"category","embeddable":true,"href":"https:\/\/wojnarowska.blog\/index.php\/wp-json\/wp\/v2\/categories?post=1268"},{"taxonomy":"post_tag","embeddable":true,"href":"https:\/\/wojnarowska.blog\/index.php\/wp-json\/wp\/v2\/tags?post=1268"}],"curies":[{"name":"wp","href":"https:\/\/api.w.org\/{rel}","templated":true}]}}