{"id":328,"date":"2021-07-21T09:33:00","date_gmt":"2021-07-21T09:33:00","guid":{"rendered":"https:\/\/wojnarowska.blog\/?p=328"},"modified":"2021-07-21T09:33:00","modified_gmt":"2021-07-21T09:33:00","slug":"magdalena-majcher-swiatlo-ktore-nigdy-nie-gasnie","status":"publish","type":"post","link":"https:\/\/wojnarowska.blog\/index.php\/2021\/07\/21\/magdalena-majcher-swiatlo-ktore-nigdy-nie-gasnie\/","title":{"rendered":"Magdalena Majcher &#8222;\u015awiat\u0142o, kt\u00f3re nigdy nie ga\u015bnie&#8221;"},"content":{"rendered":"\n<blockquote class=\"wp-block-quote\"><p>Czego mog\u0142am chcie\u0107 wi\u0119cej? Mia\u0142am wszystko, o czym mo\u017ce marzy\u0107 dwudziestoletnia dziewczyna &#8211; wspania\u0142ego ch\u0142opaka, oddan\u0105 przyjaci\u00f3\u0142k\u0119, kochaj\u0105c\u0105 rodzin\u0119 i szans\u0119 na \u015bwietlan\u0105 przysz\u0142o\u015b\u0107. By\u0142am lubiana w towarzystwie, dobrze si\u0119 uczy\u0142am. Jednym zdaniem: chwilo, trwaj.<\/p><\/blockquote>\n\n\n\n<p>Jak d\u0142ugo trwa chwila? Czy to d\u0142u\u017cej ni\u017c moment, a mo\u017ce kr\u00f3cej ni\u017c godzina? Czy mo\u017cna cieszy\u0107 si\u0119 chwil\u0105 przez ca\u0142e \u017cycie czy raczej \u0142apa\u0107 jej ulotno\u015b\u0107? Alicja powiedzia\u0142aby pewnie, \u017ce chwila to ten moment z przesz\u0142o\u015bci, kt\u00f3ry zdecydowanie zbyt szybko si\u0119 sko\u0144czy\u0142 i nie wiadomo czy jeszcze kiedy\u015b powr\u00f3ci. Dla niej to, co by\u0142o i to, co dzieje si\u0119 obecnie w jej \u017cyciu to jak dwa r\u00f3\u017cne \u015bwiaty, gdzie ten drugi zazdro\u015bci pierwszemu, \u017ce tak bardzo zawi\u00f3d\u0142 pok\u0142adane w nim nadzieje.<\/p>\n\n\n\n<p>Ko\u0142obrzeg i Zielona G\u00f3ra &#8211; dwa pi\u0119kne miejsca, lecz oddalone od siebie tak bardzo, jak zdystansowana jest Alicja wobec swojego starego \u017cycia. Ko\u0142obrzeg to wspomnienia wspania\u0142ego dzieci\u0144stwa, ale tak\u017ce bolesnych do\u015bwiadcze\u0144, rozczarowa\u0144 i utraty zaufania do os\u00f3b, kt\u00f3re by\u0142y jej najbli\u017csze. Zielona G\u00f3ra wydaje si\u0119 odpowiednio daleko, aby zapomnie\u0107 i zacz\u0105\u0107 \u017cycie od nowa. Alicja wychodzi za m\u0105\u017c, pracuje, ma pi\u0119kny dom. Brakuje tylko dziecka, ale nawet na to w ko\u0144cu udaje si\u0119 znale\u017a\u0107 rozwi\u0105zanie. I w\u0142a\u015bnie wtedy, kiedy wszystko dzia\u0142a w miar\u0119 dobrze i spokojnie, Alicja po raz kolejny traci wiar\u0119 w drugiego cz\u0142owieka. Jej m\u0105\u017c trafia do aresztu, a ona zostaje sama i nie wie, co tak naprawd\u0119 si\u0119 wydarzy\u0142o. Zagubiona, oszukana, samotna&#8230;<\/p>\n\n\n\n<blockquote class=\"wp-block-quote\"><p>Bardzo chcia\u0142am powiedzie\u0107 J\u00f3zefowi &#8222;tak&#8221;, ale podczas widzenia przekona\u0142am si\u0119, \u017ce ju\u017c za grosz mu nie ufam. Nie potrafi\u0142am da\u0107 wiary jego s\u0142owom, ka\u017cde poddawa\u0142am wnikliwej analizie, doszukiwa\u0142am si\u0119 w nim k\u0142amstw i matactwa. Czy taki zwi\u0105zek ma jakiekolwiek szanse na powodzenie? Czy mo\u017cna nauczy\u0107 si\u0119 ufa\u0107 od nowa?<\/p><\/blockquote>\n\n\n\n<p>&#8222;\u015awiat\u0142o, kt\u00f3re nigdy nie ga\u015bnie&#8221; &#8211; to ono zaprowadzi\u0142o Alicj\u0119 z powrotem do Ko\u0142obrzegu. Chocia\u017c jej cia\u0142o i dusza krzycz\u0105, \u017ce nie chc\u0105 tam wraca\u0107, ona po prostu nie ma wyj\u015bcia. Jedynie tam jednak ma gdzie si\u0119 schowa\u0107, przeczeka\u0107 i podj\u0105\u0107 w\u0142a\u015bciw\u0105 decyzj\u0119. &#8222;Po raz pierwszy w \u017cyciu zamierza\u0142am po prostu da\u0107 sobie czas.&#8221; Nie podejmowa\u0107 pochopnych decyzji, nie ucieka\u0107, nie da\u0107 sob\u0105 manipulowa\u0107 ani nie spe\u0142nia\u0107 czyich\u015b oczekiwa\u0144 tylko dlatego, \u017ce tak powinna czy taki ma obowi\u0105zek. Alicja zostaje postawiona przed wyborem, kt\u00f3ry w\u0142a\u015bciwie niesie ze sob\u0105 zawsze bolesne konsekwencje: trwa\u0107 przy m\u0119\u017cu i ci\u0105gle go sprawdza\u0107 czy odej\u015b\u0107 i walczy\u0107 samej o swoje szcz\u0119\u015bcie i swojego nienarodzonego dziecka. W jak\u0105kolwiek uda si\u0119 stron\u0119, jej \u017cycie ju\u017c nigdy nie b\u0119dzie takie samo.<\/p>\n\n\n\n<blockquote class=\"wp-block-quote\"><p>Kocham ci\u0119. Pami\u0119taj o tym. (&#8230;) Nie odpowiedzia\u0142am, bo po raz kolejny bole\u015bnie przekona\u0142am si\u0119, \u017ce &#8222;kocham ci\u0119&#8221; to odpowiedzialno\u015b\u0107, kt\u00f3rej wi\u0119kszo\u015b\u0107 ludzi nie potrafi ud\u017awign\u0105\u0107.<\/p><\/blockquote>\n\n\n\n<p>Wiele w tej opowie\u015bci tajemnic i niedopowiedze\u0144, k\u0142amstw i przemilczanej prawdy, kt\u00f3ra ujrzawszy \u015bwiat\u0142o dzienne, przynosi b\u00f3l i cierpienie. Otwiera oczy na \u017cycie, kt\u00f3re tylko pozornie by\u0142o pouk\u0142adane i stabilne. Z jednej strony mamy tutaj utrat\u0119 zaufania, najpierw do w\u0142asnej rodziny, p\u00f3\u017aniej do m\u0119\u017ca. Za ka\u017cdym razem okazuj\u0105 si\u0119 to by\u0107 ludzie, wobec kt\u00f3rych mamy zupe\u0142nie inne oczekiwania. Spodziewamy si\u0119 lojalno\u015bci, wsparcia, trwania na dobre i na z\u0142e, a otrzymujemy co\u015b zupe\u0142nie przeciwnego. Z drugiej za\u015b strony mo\u017cemy zadawa\u0107 sobie pytania o to, ile w tym winy Alicji, czy mog\u0142a temu zapobiec i czy powinna oskar\u017ca\u0107 siebie o zwyk\u0142\u0105 ludzk\u0105 naiwno\u015b\u0107.<\/p>\n\n\n\n<p>Ksi\u0105\u017cka Magdaleny Majcher to w du\u017cej mierze opowie\u015b\u0107 o samotno\u015bci. Alicja to osoba, kt\u00f3ra pozostawiona przed faktem aresztowania m\u0119\u017ca, nie ma do kogo zwr\u00f3ci\u0107 si\u0119 o pomoc. Nie ma rodziny ani przyjaci\u00f3\u0142, z kt\u00f3rymi mog\u0142aby o tym porozmawia\u0107, poradzi\u0107 si\u0119, znale\u017a\u0107 w nich ukojenie i si\u0142y do dalszej walki. Wydaje si\u0119, \u017ce jej \u017cycie by\u0142o ci\u0105g\u0142\u0105 ucieczk\u0105 przed przesz\u0142o\u015bci\u0105, niezabli\u017anionymi ranami, przed sam\u0105 sob\u0105 oraz swoimi uczuciami. Uciek\u0142a do Zielonej G\u00f3ry, ale nierozwi\u0105zane sprawy z Ko\u0142obrzegu upomnia\u0142y si\u0119 o swoje.<\/p>\n\n\n\n<p>Czy Alicja odnajdzie w\u0142a\u015bciw\u0105 drog\u0119 , a \u015bwiat\u0142o latarni oka\u017ce si\u0119 tym, kt\u00f3re zawsze mia\u0142a przed sob\u0105, ale nie potrafi\u0142a pod\u0105\u017ca\u0107 we wskazanym przez nie kierunku? Jak\u0105 podejmie decyzj\u0119 i czy los pozwoli jej na cieszenie z urok\u00f3w macierzy\u0144stwa, ma\u0142\u017ce\u0144stwa i przyja\u017ani? Czy b\u0119dzie potrafi\u0142a ud\u017awign\u0105\u0107 odpowiedzialno\u015b\u0107, kt\u00f3ra zwi\u0105zana jest z mi\u0142o\u015bci\u0105? Rozwi\u0105za\u0144 trzeba b\u0119dzie poszuka\u0107 w kolejnej cz\u0119\u015bci. <\/p>\n","protected":false},"excerpt":{"rendered":"<p>Czego mog\u0142am chcie\u0107 wi\u0119cej? Mia\u0142am wszystko, o czym mo\u017ce marzy\u0107 dwudziestoletnia dziewczyna &#8211; wspania\u0142ego ch\u0142opaka, oddan\u0105 przyjaci\u00f3\u0142k\u0119, kochaj\u0105c\u0105 rodzin\u0119 i szans\u0119 na \u015bwietlan\u0105 przysz\u0142o\u015b\u0107. By\u0142am lubiana w towarzystwie, dobrze si\u0119 uczy\u0142am. Jednym zdaniem: chwilo, trwaj. Jak d\u0142ugo trwa chwila? Czy to d\u0142u\u017cej ni\u017c moment, a mo\u017ce kr\u00f3cej ni\u017c godzina? Czy mo\u017cna cieszy\u0107 si\u0119 chwil\u0105 przez [&hellip;]<\/p>\n","protected":false},"author":3,"featured_media":329,"comment_status":"open","ping_status":"open","sticky":false,"template":"","format":"standard","meta":[],"categories":[2],"tags":[],"_links":{"self":[{"href":"https:\/\/wojnarowska.blog\/index.php\/wp-json\/wp\/v2\/posts\/328"}],"collection":[{"href":"https:\/\/wojnarowska.blog\/index.php\/wp-json\/wp\/v2\/posts"}],"about":[{"href":"https:\/\/wojnarowska.blog\/index.php\/wp-json\/wp\/v2\/types\/post"}],"author":[{"embeddable":true,"href":"https:\/\/wojnarowska.blog\/index.php\/wp-json\/wp\/v2\/users\/3"}],"replies":[{"embeddable":true,"href":"https:\/\/wojnarowska.blog\/index.php\/wp-json\/wp\/v2\/comments?post=328"}],"version-history":[{"count":1,"href":"https:\/\/wojnarowska.blog\/index.php\/wp-json\/wp\/v2\/posts\/328\/revisions"}],"predecessor-version":[{"id":330,"href":"https:\/\/wojnarowska.blog\/index.php\/wp-json\/wp\/v2\/posts\/328\/revisions\/330"}],"wp:featuredmedia":[{"embeddable":true,"href":"https:\/\/wojnarowska.blog\/index.php\/wp-json\/wp\/v2\/media\/329"}],"wp:attachment":[{"href":"https:\/\/wojnarowska.blog\/index.php\/wp-json\/wp\/v2\/media?parent=328"}],"wp:term":[{"taxonomy":"category","embeddable":true,"href":"https:\/\/wojnarowska.blog\/index.php\/wp-json\/wp\/v2\/categories?post=328"},{"taxonomy":"post_tag","embeddable":true,"href":"https:\/\/wojnarowska.blog\/index.php\/wp-json\/wp\/v2\/tags?post=328"}],"curies":[{"name":"wp","href":"https:\/\/api.w.org\/{rel}","templated":true}]}}