{"id":384,"date":"2022-01-06T15:26:27","date_gmt":"2022-01-06T15:26:27","guid":{"rendered":"https:\/\/wojnarowska.blog\/?p=384"},"modified":"2022-01-06T15:50:46","modified_gmt":"2022-01-06T15:50:46","slug":"john-glatt-zaginione-dziewczyny","status":"publish","type":"post","link":"https:\/\/wojnarowska.blog\/index.php\/2022\/01\/06\/john-glatt-zaginione-dziewczyny\/","title":{"rendered":"John Glatt &#8222;Zaginione dziewczyny&#8221;"},"content":{"rendered":"\n<p>M\u00f3wi si\u0119, \u017ce \u017cycie pisze najciekawsze scenariusze. Takie, kt\u00f3rych nie wymy\u015bli\u0142by \u017caden pisarz, re\u017cyser czy inny zdolny my\u015bliciel. I jest w tym du\u017co prawdy, a historia opisana przez Johna Glatta tylko to potwierdza. Jego &#8222;Zaginione dziewczyny&#8221; to opowie\u015b\u0107 na wskro\u015b prawdziwa, oparta na faktach i bardzo szczeg\u00f3\u0142owej analizie tego, co przydarzy\u0142o si\u0119 trzem dziewczynom w Cleveland. Czy jednak tym razem \u017cycie napisa\u0142o &#8222;najciekawszy&#8221; scenariusz? My\u015bl\u0119, \u017ce by\u0142 on raczej najbardziej przera\u017caj\u0105cy i niewyobra\u017calny z mo\u017cliwych.  <\/p>\n\n\n\n<blockquote class=\"wp-block-quote\"><p>Mia\u0142am wra\u017cenie, \u017ce wszystko zamar\u0142o &#8211; m\u00f3wi\u0142a Michelle. &#8211; Dos\u0142ownie stan\u0119\u0142o w miejscu. Jedyne, co nadal by\u0142o w ruchu, to \u015bwiat zewn\u0119trzny, a my utkn\u0119\u0142y\u015bmy w tym miejscu na dobre.<\/p><\/blockquote>\n\n\n\n<p>Michelle, Amanda i Gina &#8211; trzy dziewczyny, kt\u00f3re zosta\u0142y porwane i przetrzymywane przez Portoryka\u0144czyka Ariela Castro przez okres 10 lat w jego domu w Cleveland w niedalekiej odleg\u0142o\u015bci od miejsca ich zamieszkania. Poszukiwane przez ca\u0142\u0105 spo\u0142eczno\u015b\u0107 miasta, sp\u0119dzi\u0142y dziesi\u0119\u0107 lat swojego \u017cycia wykorzystywane fizycznie, psychicznie i emocjonalnie. Czy mo\u017cna m\u00f3wi\u0107 w ich przypadku w og\u00f3le o \u017cyciu? Trzeba chyba diametralnie zmieni\u0107 definicj\u0119 tego, czym \u017cycie jest lub powinno by\u0107, aby zrozumie\u0107 cho\u0107 w niewielkim stopniu, czym sta\u0142o si\u0119 ono dla tych kobiet. I chocia\u017c nie mo\u017cna zatrzyma\u0107 czasu, dla Michelle, Amandy i Giny wskaz\u00f3wki zegara jednak przesta\u0142y si\u0119 przesuwa\u0107 i ruszy\u0142y dziesi\u0119\u0107 lat p\u00f3\u017aniej.<\/p>\n\n\n\n<blockquote class=\"wp-block-quote\"><p>[N]ie jestem agresywnym przest\u0119pc\u0105 seksualnym. Chcecie zrobi\u0107 ze mnie potwora. Nie jestem potworem. Jestem normalnym cz\u0142owiekiem, tylko chorym. Jestem uzale\u017cniony tak samo jak alkoholik. Alkoholicy nie s\u0105 w stanie kontrolowa\u0107 swojego uzale\u017cnienia. Ja te\u017c nie potrafi\u0119 zapanowa\u0107 nad swoim, Wysoki S\u0105dzie.<\/p><\/blockquote>\n\n\n\n<p> Kim by\u0142 Ariel Castro? Czy by\u0142 rzeczywi\u015bcie cz\u0142owiekiem chorym, molestowanym w dzieci\u0144stwie, przez co uzale\u017cni\u0142 si\u0119 p\u00f3\u017aniej od pornografii i &#8222;problem\u00f3w seksualnych&#8221;? Czy postrzega\u0142 rzeczywisto\u015b\u0107 w sw\u00f3j w\u0142asny wypaczony spos\u00f3b i nie uwa\u017ca\u0142 swoich czyn\u00f3w za z\u0142e? Na wszystkie te pytania nale\u017cy odpowiedzie\u0107 twierdz\u0105co. Dodatkowo, jego chora psychika  cz\u0119sto wypiera\u0142a pewne wydarzenia, co pozwala\u0142o mu na funkcjonowanie w\u015br\u00f3d spo\u0142eczno\u015bci miasta. &#8222;Prowadzi\u0142em szkolny autobus (&#8230;) Jestem muzykiem. Mia\u0142em rodzin\u0119. Mam szacunek dla ludzkiego \u017cywota.&#8221; Ariel Castro by\u0142 przyk\u0142adem psychopatycznego umys\u0142u, tym bardziej przera\u017caj\u0105cego, \u017ce potrafi\u0142 podj\u0105\u0107 &#8222;przemy\u015blan\u0105 decyzj\u0119&#8230; aby post\u0105pi\u0107 \u017ale.&#8221;<\/p>\n\n\n\n<blockquote class=\"wp-block-quote\"><p>Chcia\u0142bym m\u00f3c powiedzie\u0107 co\u015b optymistycznego i pe\u0142nego nadziei, ale krzywda, kt\u00f3rej dozna\u0142y, nie pozwoli o sobie zapomnie\u0107. Pozostanie z nimi do ko\u0144ca \u017cycia. To nie byle b\u0142ahostka. S\u0105dz\u0119, \u017ce z czasem, dzi\u0119ki mi\u0142o\u015bci i wsparciu lokalnej spo\u0142eczno\u015bci, zyskaj\u0105 szans\u0119 na dobre \u017cycie. Nie oznacza to jednak, \u017ce kiedykolwiek wyzb\u0119d\u0105 si\u0119 b\u00f3lu, jaki zosta\u0142 im wyrz\u0105dzony.<\/p><\/blockquote>\n\n\n\n<p>Czytaj\u0105c ksi\u0105\u017ck\u0119, czytelnik otrzymuje bardzo szczeg\u00f3\u0142ow\u0105, prawie pi\u0119\u0107setstronicow\u0105 relacj\u0119 pe\u0142n\u0105 dat, nazwisk i nazw. Pomimo swej obj\u0119to\u015bci i skrupulatno\u015bci, jest to jedna z najbardziej oszcz\u0119dnych w s\u0142owa opowie\u015bci, jakie kiedykolwiek czyta\u0142am. Bo ta historia nie wymaga wielu okre\u015ble\u0144, aby pozna\u0107 przera\u017caj\u0105c\u0105 prawd\u0119, kt\u00f3r\u0105 napisa\u0142o samo \u017cycie. Wystarcz\u0105 fakty. Oby takich scenariuszy by\u0142o jak najmniej.<\/p>\n","protected":false},"excerpt":{"rendered":"<p>M\u00f3wi si\u0119, \u017ce \u017cycie pisze najciekawsze scenariusze. Takie, kt\u00f3rych nie wymy\u015bli\u0142by \u017caden pisarz, re\u017cyser czy inny zdolny my\u015bliciel. I jest w tym du\u017co prawdy, a historia opisana przez Johna Glatta tylko to potwierdza. Jego &#8222;Zaginione dziewczyny&#8221; to opowie\u015b\u0107 na wskro\u015b prawdziwa, oparta na faktach i bardzo szczeg\u00f3\u0142owej analizie tego, co przydarzy\u0142o si\u0119 trzem dziewczynom w [&hellip;]<\/p>\n","protected":false},"author":3,"featured_media":386,"comment_status":"open","ping_status":"open","sticky":false,"template":"","format":"standard","meta":[],"categories":[4],"tags":[],"_links":{"self":[{"href":"https:\/\/wojnarowska.blog\/index.php\/wp-json\/wp\/v2\/posts\/384"}],"collection":[{"href":"https:\/\/wojnarowska.blog\/index.php\/wp-json\/wp\/v2\/posts"}],"about":[{"href":"https:\/\/wojnarowska.blog\/index.php\/wp-json\/wp\/v2\/types\/post"}],"author":[{"embeddable":true,"href":"https:\/\/wojnarowska.blog\/index.php\/wp-json\/wp\/v2\/users\/3"}],"replies":[{"embeddable":true,"href":"https:\/\/wojnarowska.blog\/index.php\/wp-json\/wp\/v2\/comments?post=384"}],"version-history":[{"count":2,"href":"https:\/\/wojnarowska.blog\/index.php\/wp-json\/wp\/v2\/posts\/384\/revisions"}],"predecessor-version":[{"id":390,"href":"https:\/\/wojnarowska.blog\/index.php\/wp-json\/wp\/v2\/posts\/384\/revisions\/390"}],"wp:featuredmedia":[{"embeddable":true,"href":"https:\/\/wojnarowska.blog\/index.php\/wp-json\/wp\/v2\/media\/386"}],"wp:attachment":[{"href":"https:\/\/wojnarowska.blog\/index.php\/wp-json\/wp\/v2\/media?parent=384"}],"wp:term":[{"taxonomy":"category","embeddable":true,"href":"https:\/\/wojnarowska.blog\/index.php\/wp-json\/wp\/v2\/categories?post=384"},{"taxonomy":"post_tag","embeddable":true,"href":"https:\/\/wojnarowska.blog\/index.php\/wp-json\/wp\/v2\/tags?post=384"}],"curies":[{"name":"wp","href":"https:\/\/api.w.org\/{rel}","templated":true}]}}