{"id":506,"date":"2023-10-19T16:11:40","date_gmt":"2023-10-19T16:11:40","guid":{"rendered":"https:\/\/wojnarowska.blog\/?p=506"},"modified":"2023-10-19T16:30:19","modified_gmt":"2023-10-19T16:30:19","slug":"marcin-chyczewski-ziarna-wolnosci","status":"publish","type":"post","link":"https:\/\/wojnarowska.blog\/index.php\/2023\/10\/19\/marcin-chyczewski-ziarna-wolnosci\/","title":{"rendered":"Marcin Chyczewski &#8222;Ziarna wolno\u015bci&#8221;"},"content":{"rendered":"\n<blockquote class=\"wp-block-quote\"><p>Mi\u0142o\u015b\u0107 jest pierwsz\u0105 ofiar\u0105 wojny.<\/p><\/blockquote>\n\n\n\n<p>Ziarno jest w \u017cyciu cz\u0142owieka niezwykle istotne. To z niego wzrasta zbo\u017ce, aby m\u00f3g\u0142 potem powsta\u0107 chleb. To dzi\u0119ki niemu mamy pi\u0119kne ro\u015bliny, drzewa, warzywa czy owoce. Niestety z ziaren bior\u0105 si\u0119 tak\u017ce chwasty i wszystko to, co przeszkadza innym wzrasta\u0107. Najwa\u017cniejsza jest gleba &#8211; odpowiednio nawo\u017cona i nawodniona potrafi zadzia\u0142a\u0107 cuda i z male\u0144kiego ziarenka potrafi powsta\u0107 co\u015b niezwyk\u0142ego. Tak te\u017c rodzi si\u0119 wolno\u015b\u0107 &#8211; wystarcz\u0105 niewielkie ziarna nadziei wrzucone na odpowiedni grunt, aby rosn\u0105\u0107 w si\u0142\u0119 i niepostrze\u017cenie zamieni\u0107 pragnienia w czyny. Wa\u017cne, aby je piel\u0119gnowa\u0107 i nie zapomina\u0107 o ich istnieniu.<\/p>\n\n\n\n<blockquote class=\"wp-block-quote\"><p>\u017bycie jest teatrem, moja droga, a my wszyscy jeste\u015bmy aktorami. Tak jak w teatrze, wi\u0119c i w \u017cyciu, s\u0105 role du\u017ce i ma\u0142e, s\u0105 gwiazdy i s\u0105 figuranci. Jedni graj\u0105 g\u0142\u00f3wne role, inni s\u0105 t\u0142em, ale w \u017cyciu w\u0142a\u015bnie to t\u0142o tworzy spektakl, dzi\u0119ki niemu istniej\u0105 gwiazdy, to ono pozwala im b\u0142yszcze\u0107 i zachwyca\u0107.<\/p><\/blockquote>\n\n\n\n<p>Jednymi z g\u0142\u00f3wnych aktor\u00f3w spektaklu pod tytu\u0142em &#8222;Ziarna wolno\u015bci&#8221; s\u0105 Marta i Marek. To ich historia staje si\u0119 tym w\u0105tkiem, kt\u00f3re prowadzi nas poprzez trudy wojennej rzeczywisto\u015bci. To Wielka Wojna sta\u0142a si\u0119 tutaj t\u0142em, kt\u00f3re pokazuje jakie niewyobra\u017calne zniszczenia zachodz\u0105 w \u017cyciu i duszy cz\u0142owieka, kiedy przychodzi walczy\u0107 o wolno\u015b\u0107. To historia Marty i Marka u\u015bwiadamia nam, z jak wielkim po\u015bwi\u0119ceniem i niepewno\u015bci\u0105 przysz\u0142o obcowa\u0107 ludziom z pozoru niewa\u017cnym, a jak\u017ce istotnym w ostatecznym rozrachunku. Wrzuceni w ziemi\u0119, kt\u00f3ra niekoniecznie chcia\u0142a wydawa\u0107 dobre plony, wszystkimi si\u0142ami walczyli o to, aby zapu\u015bci\u0107 korzenie i przetrwa\u0107 w niesprzyjaj\u0105cych warunkach. Rozdzieleni, samotni, pe\u0142ni t\u0119sknoty i strachu musieli wtopi\u0107 si\u0119 w t\u0142o spektaklu, aby przetrwa\u0107. Czy ich mi\u0142o\u015b\u0107 zdo\u0142a\u0142a przetrwa\u0107 lata roz\u0142\u0105ki i zmieniaj\u0105c\u0105 si\u0119 rzeczywisto\u015b\u0107? Czy ich osobiste prze\u017cycia pozwoli\u0142y im pozosta\u0107 tymi samymi lud\u017ami czy jednak ich role  w tej sztuce uleg\u0142y diametralnym zmianom?<\/p>\n\n\n\n<blockquote class=\"wp-block-quote\"><p>Mamy woln\u0105 Polsk\u0119! [&#8230;] Marek patrzy\u0142 na to wszystko ze zrozumieniem i szcz\u0119\u015bciem, ale nie da\u0142 si\u0119 ponie\u015b\u0107 t\u0142umowi. On nie chcia\u0142 \u015bwi\u0119towa\u0107. W duszy prze\u017cywa\u0142 raz jeszcze ca\u0142e swoje \u017cycie, kt\u00f3re by\u0142o oczekiwaniem w\u0142a\u015bnie na ten dzie\u0144, teraz jednak nie przyni\u00f3s\u0142 on nic, mo\u017ce opr\u00f3cz przekonania, \u017ce jest to \u015bwietny dzie\u0144 na odebranie sobie \u017cycia.<\/p><\/blockquote>\n\n\n\n<p>Jak wiele znacze\u0144 mo\u017ce mie\u0107 wolno\u015b\u0107. To brak ogranicze\u0144, to mo\u017cno\u015b\u0107 wyboru, to poczucie przynale\u017cno\u015bci do idea\u0142\u00f3w, to w ko\u0144cu tak\u017ce spok\u00f3j ducha, kt\u00f3ry pozwala odetchn\u0105\u0107 pe\u0142n\u0105 piersi\u0105 i zapomnie\u0107 o troskach i zmartwieniach. Dla bohater\u00f3w &#8222;Ziaren wolno\u015bci&#8221; sta\u0142a si\u0119 ona nadrz\u0119dn\u0105 warto\u015bci\u0105, popychaj\u0105c\u0105 ich w r\u00f3\u017cnych kierunkach. Jak\u017ce trudno musia\u0142o im by\u0107, gdy w obliczu wywalczonej wolno\u015bci kraju, przysz\u0142o im si\u0119 zmaga\u0107 z wewn\u0119trznym uwi\u0119zieniem w b\u00f3lu, rozczarowaniu i braku mi\u0142o\u015bci. Czy zdo\u0142aj\u0105 uciec z takiego wi\u0119zienia?<\/p>\n\n\n\n<p>Opowie\u015b\u0107 Marcina Chyczewskiego to podr\u00f3\u017c poprzez r\u00f3\u017cne oblicza wojny. Przemierzamy miasta, kraje, pola bitwy i dworskie pokoje, aby pozna\u0107 ten trudny czas z r\u00f3\u017cnych stron. Wraz z bohaterami walczymy o wolno\u015b\u0107 kraju, przekona\u0144, uczu\u0107 i prawo do szcz\u0119\u015bcia. To bardzo ciekawe pokazanie, jak wa\u017cni s\u0105 nie tylko g\u0142\u00f3wni aktorzy, ale tak\u017ce ci, kt\u00f3rym przysz\u0142o gra\u0107 na pozycjach pozornie mniej wa\u017cnych. Tylko dzi\u0119ki wsp\u00f3\u0142pracy ca\u0142ego zespo\u0142u spektakl ma szans\u0119 odnie\u015b\u0107 sukces, tak jak dzia\u0142ania na wielu wojennych frontach prowadz\u0105 do wygranej. Wszystkie ziarna s\u0105 wa\u017cne, bo nigdy nie wiadomo, kt\u00f3re z nich oka\u017ce si\u0119 tym prowadz\u0105cym ku wolno\u015bci.<\/p>\n\n\n\n<p>Polecam.<\/p>\n","protected":false},"excerpt":{"rendered":"<p>Mi\u0142o\u015b\u0107 jest pierwsz\u0105 ofiar\u0105 wojny. Ziarno jest w \u017cyciu cz\u0142owieka niezwykle istotne. To z niego wzrasta zbo\u017ce, aby m\u00f3g\u0142 potem powsta\u0107 chleb. To dzi\u0119ki niemu mamy pi\u0119kne ro\u015bliny, drzewa, warzywa czy owoce. Niestety z ziaren bior\u0105 si\u0119 tak\u017ce chwasty i wszystko to, co przeszkadza innym wzrasta\u0107. Najwa\u017cniejsza jest gleba &#8211; odpowiednio nawo\u017cona i nawodniona potrafi [&hellip;]<\/p>\n","protected":false},"author":3,"featured_media":508,"comment_status":"open","ping_status":"open","sticky":false,"template":"","format":"standard","meta":[],"categories":[13,14],"tags":[],"_links":{"self":[{"href":"https:\/\/wojnarowska.blog\/index.php\/wp-json\/wp\/v2\/posts\/506"}],"collection":[{"href":"https:\/\/wojnarowska.blog\/index.php\/wp-json\/wp\/v2\/posts"}],"about":[{"href":"https:\/\/wojnarowska.blog\/index.php\/wp-json\/wp\/v2\/types\/post"}],"author":[{"embeddable":true,"href":"https:\/\/wojnarowska.blog\/index.php\/wp-json\/wp\/v2\/users\/3"}],"replies":[{"embeddable":true,"href":"https:\/\/wojnarowska.blog\/index.php\/wp-json\/wp\/v2\/comments?post=506"}],"version-history":[{"count":3,"href":"https:\/\/wojnarowska.blog\/index.php\/wp-json\/wp\/v2\/posts\/506\/revisions"}],"predecessor-version":[{"id":510,"href":"https:\/\/wojnarowska.blog\/index.php\/wp-json\/wp\/v2\/posts\/506\/revisions\/510"}],"wp:featuredmedia":[{"embeddable":true,"href":"https:\/\/wojnarowska.blog\/index.php\/wp-json\/wp\/v2\/media\/508"}],"wp:attachment":[{"href":"https:\/\/wojnarowska.blog\/index.php\/wp-json\/wp\/v2\/media?parent=506"}],"wp:term":[{"taxonomy":"category","embeddable":true,"href":"https:\/\/wojnarowska.blog\/index.php\/wp-json\/wp\/v2\/categories?post=506"},{"taxonomy":"post_tag","embeddable":true,"href":"https:\/\/wojnarowska.blog\/index.php\/wp-json\/wp\/v2\/tags?post=506"}],"curies":[{"name":"wp","href":"https:\/\/api.w.org\/{rel}","templated":true}]}}