{"id":533,"date":"2024-02-17T19:23:46","date_gmt":"2024-02-17T19:23:46","guid":{"rendered":"https:\/\/wojnarowska.blog\/?p=533"},"modified":"2024-02-18T12:59:43","modified_gmt":"2024-02-18T12:59:43","slug":"katarzyna-berenika-miszczuk-mszczuj","status":"publish","type":"post","link":"https:\/\/wojnarowska.blog\/index.php\/2024\/02\/17\/katarzyna-berenika-miszczuk-mszczuj\/","title":{"rendered":"Katarzyna Berenika Miszczuk &#8222;Mszczuj&#8221;"},"content":{"rendered":"\n<blockquote class=\"wp-block-quote\"><p>Nienawidzi\u0142am tego uwi\u0105zania, czu\u0142am, \u017ce si\u0119 dusz\u0119, b\u0119d\u0105c zale\u017cna od drugiej osoby. Chcia\u0142am sama o wszystkim decydowa\u0107. Chcia\u0142am robi\u0107 to, co b\u0119dzie dobre dla mnie. [&#8230;] Lubi\u0142am by\u0107 pierwsza. Lubi\u0142am, \u017ceby by\u0142o tak, jak ja chc\u0119.<\/p><\/blockquote>\n\n\n\n<p>Cz\u0119sto dzisiaj s\u0142yszymy, \u017ce wsp\u00f3\u0142czesny cz\u0142owiek powinien by\u0107 pewny siebie, powinien si\u0119 rozwija\u0107, powinien my\u015ble\u0107 o swoich potrzebach i generalnie stawia\u0107 siebie na pierwszym miejscu. I nie by\u0142oby w tym nic z\u0142ego, gdyby ludzie nie mylili samorozwoju z samolubstwem i egoizmem. Bardzo \u0142atwo przekroczy\u0107 granic\u0119, za kt\u00f3r\u0105 zaczynamy rani\u0107 siebie i innych, a przecie\u017c nie o to w tym wszystkim chodzi. Nasza droga szeptucha Jarogniewa tak\u017ce dochodzi w swoim \u017cyciu do momentu, w kt\u00f3rym zaczynaj\u0105 m\u0119czy\u0107 j\u0105&#8230; wyrzuty sumienia. <\/p>\n\n\n\n<blockquote class=\"wp-block-quote\"><p>Ja nie lubi\u0119 my\u015ble\u0107 o przesz\u0142o\u015bci. Nie cierpi\u0119 roztrz\u0105sa\u0107 dawnych b\u0142\u0119d\u00f3w. Uwa\u017cam, \u017ce lepiej jest \u017cy\u0107 tym, co jest teraz, i tym, co ma nadej\u015b\u0107.<\/p><\/blockquote>\n\n\n\n<p>Taka w\u0142a\u015bnie jest Jaga &#8211; odwa\u017cna, wyzwolona, przebojowa kobieta, kt\u00f3ra wydaje si\u0119, \u017ce potrafi odnale\u017a\u0107 si\u0119 w ka\u017cdej sytuacji i i\u015b\u0107 dalej. &#8222;Nienawidzi\u0142am przyznawa\u0107 si\u0119 do b\u0142\u0119d\u00f3w&#8221; &#8211; a pope\u0142nia\u0142a je jak ka\u017cdy inny cz\u0142owiek. &#8222;Ja by\u0142am osob\u0105 bardzo pami\u0119tliw\u0105 i z\u0142o\u015bliw\u0105&#8221; &#8211; co nie przysparza\u0142o jej fan\u00f3w i przyjaci\u00f3\u0142. &#8222;T\u0119skni\u0142am za ludzkim g\u0142osem, a tym bardziej za ploteczkami&#8221; &#8211; nie potrafi\u0142a wi\u0119c \u017cy\u0107 w samotno\u015bci, a jej zachowanie mog\u0142o kiedy\u015b do tego doprowadzi\u0107. &#8222;Nie roztkliwiam si\u0119 nad sob\u0105. Id\u0119 przed siebie bez ogl\u0105dania si\u0119 na innych&#8221; &#8211; a takie podej\u015bcie prowadzi\u0142o bezpo\u015brednio do ranienia innych, czym szeptucha nie chcia\u0142a zaprz\u0105ta\u0107 sobie g\u0142owy. A\u017c do czasu, kiedy w gr\u0119 zacz\u0119\u0142a wchodzi\u0107 mi\u0142o\u015b\u0107 i strach.<\/p>\n\n\n\n<blockquote class=\"wp-block-quote\"><p>Problem w tym, \u017ce wybacz, ale jeste\u015b tylko \u015bmiertelniczk\u0105. Powiedzia\u0142 to tym swoim spokojnym g\u0142osem, kt\u00f3rego u\u017cywa\u0142 do pocieszania chorych. Oczywi\u015bcie mnie tym zirytowa\u0142. Zawsze musia\u0142 by\u0107 taki dobry, rozumiej\u0105cy, teoretycznie idealny. I musia\u0142 mie\u0107 racj\u0119, za co cz\u0119sto szczerze go nie cierpia\u0142am.<\/p><\/blockquote>\n\n\n\n<p>Mszczuj &#8211; kap\u0142an, kt\u00f3ry by\u0142 ca\u0142kowitym przeciwie\u0144stwem Jarogniewy, w skutek pewnych szalonych okoliczno\u015bci zosta\u0142 z ni\u0105 po\u0142\u0105czony&#8230; w\u0119z\u0142em ma\u0142\u017ce\u0144skim. I o ten <em>w\u0119ze\u0142 <\/em>w\u0142a\u015bnie tutaj chodzi\u0142o. Jaga nie potrafi\u0142a zaakceptowa\u0107 faktu, \u017ce jest kto\u015b, kto mia\u0142by ogranicza\u0107 jej wolno\u015b\u0107, z kt\u00f3rego zdaniem musia\u0142aby si\u0119 liczy\u0107 i o kt\u00f3rego powinna si\u0119 troszczy\u0107. Wydawa\u0142o si\u0119, \u017ce by\u0142 to ich \u017cyciowy b\u0142\u0105d, kt\u00f3ry nale\u017cy szybko rozwi\u0105za\u0107 i o nim zapomnie\u0107. Nie tak prosto jednak podporz\u0105dkowa\u0107 sobie uczucia, bo przecie\u017c serce nie s\u0142uga. Mo\u017cna by powiedzie\u0107, \u017ce bogowie w swojej przewrotnej z\u0142o\u015bliwo\u015bci zamiast wpakowa\u0107 ich w tarapaty i oddali\u0107 od siebie, przyczynili si\u0119 do powstania uczucia, o kt\u00f3re sami by siebie wcze\u015bniej nie pos\u0105dzili. Bo mi\u0142o\u015b\u0107 pozwala spojrze\u0107 na samego siebie z zupe\u0142nie innej perspektywy, a strach u\u015bwiadamia jak wa\u017cne mie\u0107 obok siebie kogo\u015b bliskiego.<\/p>\n\n\n\n<blockquote class=\"wp-block-quote\"><p>Mia\u0142am wra\u017cenie, \u017ce zawiod\u0142am. Wszystkich. Zawiod\u0142am Mszczuja, bo nie umia\u0142am by\u0107 kobiet\u0105, kt\u00f3ra by go kocha\u0142a i kt\u00f3rej by to wystarczy\u0142o. Zawiod\u0142am mieszka\u0144c\u00f3w Bielin, bo nie umia\u0142am zapewni\u0107 im opieki. Ba, zawiod\u0142am nawet Swaro\u017cyca, bo unika\u0142am spe\u0142nienia obietnicy. A ju\u017c na pewno zawiod\u0142am moj\u0105 babci\u0119, wchodz\u0105c ze Swaro\u017cycem w podejrzane uk\u0142ady. [&#8230;] Mia\u0142am dar do niespe\u0142niania oczekiwa\u0144 innych.<\/p><\/blockquote>\n\n\n\n<p>Czy Jarogniewa wyci\u0105gnie odpowiednie wnioski z tego, co wydarzy\u0142o si\u0119 w pewn\u0105 mro\u017an\u0105 zim\u0119? Czy uwa\u017cniej podejdzie do kontakt\u00f3w z innymi i relacji z bogami? Co takiego wystraszy j\u0105 do tego stopnia, \u017ce zacznie \u017ca\u0142owa\u0107 swoich czyn\u00f3w i decyzji? No i czy uczucia Mszczuja zostan\u0105 w ko\u0144cu odwzajemnione? Kto w tej rozgrywce oka\u017ce si\u0119 by\u0107 wygranym, a kto b\u0119dzie musia\u0142 zmieni\u0107 swoje podej\u015bcie do \u017cycia? Lektura &#8222;Mszczuja&#8221; dostarczy odpowiedzi na wszystkie te pytania.<\/p>\n\n\n\n<p>Kolejna cz\u0119\u015b\u0107 cyklu &#8222;Kwiat paproci&#8221; zabiera nas znowu do \u015bwiata , w kt\u00f3rym s\u0142owia\u0144scy bogowie maj\u0105 wiele do powiedzenia, jednak w starciu z szeptuch\u0105 b\u0119d\u0105 musieli zweryfikowa\u0107 swoje podej\u015bcie do ludzi. Okazuje si\u0119, \u017ce to co boskie nie zawsze oznacza lepsze, niezwyci\u0119\u017cone i nietykalne. Baba Jaga po raz kolejny b\u0119dzie pr\u00f3bowa\u0142a rozwik\u0142a\u0107 zagadk\u0119, kt\u00f3ra tym razem przerazi nawet j\u0105 sam\u0105. Tak trudno rozstawa\u0107 si\u0119 z bohaterami, kt\u00f3rzy dostarczaj\u0105 emocji, \u015bmiechu, wiedzy i przenosz\u0105 nas do zupe\u0142nie innego \u015bwiata. Jednak, opr\u00f3cz rozrywki, ucz\u0105 nas, \u017ce nie da si\u0119 przej\u015b\u0107 przez \u017cycie tak, aby niczego nie \u017ca\u0142owa\u0107. Nawet Jaga musi si\u0119 w ko\u0144cu z tym pogodzi\u0107. &#8222;Dzi\u0119ki Mszczujowi zacz\u0119\u0142am docenia\u0107 to, co ludzkie&#8221; &#8211; ca\u0142e szcz\u0119\u015bcie, bo to w\u0142a\u015bnie o relacje z drugim cz\u0142owiekiem trzeba walczy\u0107 najbardziej. A siebie kocha\u0107 za to, \u017ce potrafi si\u0119 kocha\u0107 innych. <\/p>\n\n\n\n<p>Gor\u0105co polecam ca\u0142\u0105 seri\u0119:<\/p>\n\n\n\n<ol><li>Szeptucha<\/li><li>Noc Kupa\u0142y<\/li><li>\u017berca<\/li><li>Przesilenie<\/li><li>Jaga<\/li><li>Gniewa<\/li><li>Mszczuj<\/li><\/ol>\n\n\n\n<p>*Wszystkie cytaty pochodz\u0105 z ksi\u0105\u017cki Katarzyna Berenika Miszczuk, <em>Mszczuj<\/em>, Wydawnictwo Mi\u0119ta, 2024<\/p>\n","protected":false},"excerpt":{"rendered":"<p>Nienawidzi\u0142am tego uwi\u0105zania, czu\u0142am, \u017ce si\u0119 dusz\u0119, b\u0119d\u0105c zale\u017cna od drugiej osoby. Chcia\u0142am sama o wszystkim decydowa\u0107. Chcia\u0142am robi\u0107 to, co b\u0119dzie dobre dla mnie. [&#8230;] Lubi\u0142am by\u0107 pierwsza. Lubi\u0142am, \u017ceby by\u0142o tak, jak ja chc\u0119. Cz\u0119sto dzisiaj s\u0142yszymy, \u017ce wsp\u00f3\u0142czesny cz\u0142owiek powinien by\u0107 pewny siebie, powinien si\u0119 rozwija\u0107, powinien my\u015ble\u0107 o swoich potrzebach i [&hellip;]<\/p>\n","protected":false},"author":3,"featured_media":536,"comment_status":"open","ping_status":"open","sticky":false,"template":"","format":"standard","meta":[],"categories":[20,19],"tags":[],"_links":{"self":[{"href":"https:\/\/wojnarowska.blog\/index.php\/wp-json\/wp\/v2\/posts\/533"}],"collection":[{"href":"https:\/\/wojnarowska.blog\/index.php\/wp-json\/wp\/v2\/posts"}],"about":[{"href":"https:\/\/wojnarowska.blog\/index.php\/wp-json\/wp\/v2\/types\/post"}],"author":[{"embeddable":true,"href":"https:\/\/wojnarowska.blog\/index.php\/wp-json\/wp\/v2\/users\/3"}],"replies":[{"embeddable":true,"href":"https:\/\/wojnarowska.blog\/index.php\/wp-json\/wp\/v2\/comments?post=533"}],"version-history":[{"count":4,"href":"https:\/\/wojnarowska.blog\/index.php\/wp-json\/wp\/v2\/posts\/533\/revisions"}],"predecessor-version":[{"id":542,"href":"https:\/\/wojnarowska.blog\/index.php\/wp-json\/wp\/v2\/posts\/533\/revisions\/542"}],"wp:featuredmedia":[{"embeddable":true,"href":"https:\/\/wojnarowska.blog\/index.php\/wp-json\/wp\/v2\/media\/536"}],"wp:attachment":[{"href":"https:\/\/wojnarowska.blog\/index.php\/wp-json\/wp\/v2\/media?parent=533"}],"wp:term":[{"taxonomy":"category","embeddable":true,"href":"https:\/\/wojnarowska.blog\/index.php\/wp-json\/wp\/v2\/categories?post=533"},{"taxonomy":"post_tag","embeddable":true,"href":"https:\/\/wojnarowska.blog\/index.php\/wp-json\/wp\/v2\/tags?post=533"}],"curies":[{"name":"wp","href":"https:\/\/api.w.org\/{rel}","templated":true}]}}