{"id":667,"date":"2024-09-23T15:34:31","date_gmt":"2024-09-23T15:34:31","guid":{"rendered":"https:\/\/wojnarowska.blog\/?p=667"},"modified":"2024-09-23T15:34:31","modified_gmt":"2024-09-23T15:34:31","slug":"dorota-gasiorowska-corka-powietrza-cykl-corki-zywiolow","status":"publish","type":"post","link":"https:\/\/wojnarowska.blog\/index.php\/2024\/09\/23\/dorota-gasiorowska-corka-powietrza-cykl-corki-zywiolow\/","title":{"rendered":"Dorota G\u0105siorowska &#8222;C\u00f3rka powietrza&#8221; (cykl C\u00f3rki \u017cywio\u0142\u00f3w)"},"content":{"rendered":"\n<blockquote class=\"wp-block-quote\"><p>Czasem lepiej nie wiedzie\u0107 wszystkiego od razu, bo do odkrycia prawdy te\u017c trzeba dojrze\u0107.<\/p><\/blockquote>\n\n\n\n<p>Zmiany, zmiany, zmiany &#8211; kt\u00f3\u017c ich w \u017cyciu nie do\u015bwiadcza? Na niekt\u00f3re czekamy z rado\u015bci\u0105, innych si\u0119 obawiamy, ale faktem jest, \u017ce nie spos\u00f3b ich unikn\u0105\u0107. S\u0105 ludzie, kt\u00f3rzy nie potrafi\u0105 bez nich \u017cy\u0107 i sami je inicjuj\u0105, aby w \u017cyciu nie by\u0142o nudno. Wielu jednak z nas nie lubi zmian i odwleka decyzj\u0119 o ich podj\u0119ciu. Nigdy wszak nie wiadomo czy to, co nowe oka\u017ce si\u0119 lepsze czy mo\u017ce jednak trzeba trzyma\u0107 si\u0119 tego, co stare, ale jednak znane i oswojone. Najtrudniej za\u015b jest wtedy, kiedy co\u015b zmienia si\u0119 nagle, bez ostrze\u017cenia i poza nasz\u0105 kontrol\u0105. W ko\u0144cu niespodzianki nie zawsze wi\u0105\u017c\u0105 si\u0119 z czym\u015b mi\u0142ym&#8230; A tajemnice i wychodz\u0105ce na jaw sekrety zdecydowanie do niech nale\u017c\u0105. To, co latami ukrywane, niesie ze sob\u0105 ogromny \u0142adunek emocjonalny wtedy, gdy niespodziewanie przychodzi si\u0119 nam z nim zmierzy\u0107. I o tym w\u0142a\u015bnie jest ta opowie\u015b\u0107.<\/p>\n\n\n\n<blockquote class=\"wp-block-quote\"><p>Nie ma jednej gotowej odpowiedzi. Ty decydujesz, jak wiele prawdy dasz rad\u0119 odkry\u0107. Zaufaj sobie, Lalie, \u015bwiadome, czujne \u017cycie w odpowiedniej chwili przyniesie ci w\u0142a\u015bciw\u0105 odpowied\u017a.<\/p><\/blockquote>\n\n\n\n<p>M\u0142oda, poczytna pisarka Ava znajduje si\u0119 w nie\u0142atwym dla niej momencie \u017cycia. Mog\u0142oby si\u0119 wydawa\u0107, \u017ce jej stabilne i pouk\u0142adane \u017cycie niczym nowym jej ju\u017c zbytnio nie zaskoczy, a tu taka zmiana. Kryzys tw\u00f3rczy, kt\u00f3ry nie pozwala jej ani doko\u0144czy\u0107 pisanej ksi\u0105\u017cki ani rozpocz\u0105\u0107 nowej, zaprowadza j\u0105 do domu rodzic\u00f3w w cichej i spokojnej Puszczy Zielonej. I to w\u0142a\u015bnie tutaj, po pocz\u0105tkowej stagnacji, do\u015bwiadcza magii i niecodziennych wydarze\u0144, jakby fantastyczne opowie\u015bci, kt\u00f3re pisze, postanowi\u0142y wtargn\u0105\u0107 w jej realne \u017cycie. A kiedy dochodz\u0105 do tego skrywane przez rodzic\u00f3w tajemnice, Ava nie mo\u017ce d\u0142u\u017cej opiera\u0107 si\u0119 przeczuciu, \u017ce oto nadchodz\u0105 wielkie zmiany. Tylko czy to, co tak niespodziewane, mo\u017ce okaza\u0107 si\u0119 dobre? Czy ludzie, kt\u00f3rym ufa najbardziej, mog\u0105 j\u0105 jednak skrzywdzi\u0107? Dochodzenie do prawdy, poznawanie powod\u00f3w post\u0119powania oraz pr\u00f3ba zrozumienia oka\u017c\u0105 si\u0119 kluczowe w podj\u0119ciu dobrej decyzji. <\/p>\n\n\n\n<blockquote class=\"wp-block-quote\"><p>(&#8230;) \u015bwiata nie da si\u0119 wt\u0142oczy\u0107 w raz ustalone ramy. S\u0105 zjawiska wymykaj\u0105ce si\u0119 racjonalnej naturze cz\u0142owieka i nie raz przekona\u0142am si\u0119, \u017ce w\u0142a\u015bnie dzi\u0119ki takim chwilom zyskujemy najwi\u0119cej.<\/p><\/blockquote>\n\n\n\n<p>W odleg\u0142ej Francji, nieopodal tajemniczego lasu, mieszka sobie Lalie. Ta nastoletnia dziewczynka jest tym, kim Ava chcia\u0142aby by\u0107, kiedy zanurza si\u0119 w \u015bwiat swoich bohater\u00f3w &#8211; otwart\u0105 na otaczaj\u0105c\u0105 j\u0105 rzeczywisto\u015b\u0107 dziewczynk\u0105, kt\u00f3ra czerpie z natury energi\u0119 potrzebn\u0105 do \u017cycia; osob\u0105, kt\u00f3ra ufa swoim zmys\u0142om i nie boi si\u0119 inno\u015bci; wreszcie kobiet\u0105, kt\u00f3ra potrafi zaakceptowa\u0107 sw\u00f3j los, kt\u00f3ry nie zawsze jest jej przychylny. A mo\u017ce Lalie to bajkowa wersja Avy? A mo\u017ce to pisarka stworzy\u0142a j\u0105, aby zaakceptowa\u0107 zmieniaj\u0105cy si\u0119 wok\u00f3\u0142 niej \u015bwiat? Cho\u0107 dzieli je niemal wszystko, to jednak obie s\u0105 w stanie uwierzy\u0107, \u017ce tajemnicza wa\u017cka zwiastuje co\u015b nowego, kt\u00f3re wbrew pozorom jest czym\u015b lepszym. Nic w tej historii nie jest oczywiste, bo czy \u015bwiat wyobra\u017cony nie mo\u017ce okaza\u0107 si\u0119 tym rzeczywistym?<\/p>\n\n\n\n<blockquote class=\"wp-block-quote\"><p> Najwa\u017cniejsze to by\u0107 uwa\u017cnym, \u017ceby niczego nie przeoczy\u0107, bo ma\u0142e zmiany prowadz\u0105 nas do wielkich odkry\u0107. A to, na co cz\u0119sto nie zwracamy uwagi, mo\u017ce nada\u0107 naszemu \u017cyciu zupe\u0142nie inny bieg i ostatecznie zaprowadzi\u0107 nas do miejsc, gdzie czekaj\u0105 na nas naprawd\u0119 wyj\u0105tkowe rzeczy.<\/p><\/blockquote>\n\n\n\n<p>Historia Avy i Lalie zmusza czytelnika do zastanowienia si\u0119 nad tym, z czego bior\u0105 si\u0119 zmiany w naszym \u017cyciu. Czy to tylko te wielkie rewolucje, kt\u00f3re wywracaj\u0105 nasze \u017cycie do g\u00f3ry nogami, s\u0105 tymi najwa\u017cniejszymi? A mo\u017ce o wiele istotniejsze s\u0105 te z pozoru nic nie znacz\u0105ce wahni\u0119cia? Warto si\u0119 zastanowi\u0107 czy spontaniczny spacer, kt\u00f3ry wy\u0142amuje nas z rutyny codziennych spraw, nie pom\u00f3g\u0142 nam w rozwi\u0105zaniu problemu? A mo\u017ce przypadkowo spotkany kto\u015b zainspirowa\u0142 nas do dzia\u0142ania? Cz\u0119sto powoli, po nitce do k\u0142\u0119bka toczymy nasze \u017cycie nie wiedz\u0105c, \u017ce w\u0142a\u015bnie dziej\u0105 si\u0119 cuda. Historia opowiedziana przez autork\u0119 r\u00f3wnie niespiesznie prowadzi nas do fina\u0142u, kt\u00f3rego nie da\u0142o si\u0119 przewidzie\u0107. Bo takie jest w\u0142a\u015bnie \u017cycie &#8211; magiczne, je\u015bli tylko pozwolimy mu na odrobin\u0119 swobody, a sobie na szczypt\u0119 cierpliwo\u015bci. I poszukiwanie swojej osobistej wa\u017cki, kt\u00f3ra jest po prostu z naszego osobistego \u015bwiata.<\/p>\n\n\n\n<p>*Wszystkie cytaty pochodz\u0105 z ksi\u0105\u017cki Dorota G\u0105siorowska, <em>C\u00f3rka powietrza<\/em>, Wydawnictwo Znak, 2024<\/p>\n","protected":false},"excerpt":{"rendered":"<p>Czasem lepiej nie wiedzie\u0107 wszystkiego od razu, bo do odkrycia prawdy te\u017c trzeba dojrze\u0107. Zmiany, zmiany, zmiany &#8211; kt\u00f3\u017c ich w \u017cyciu nie do\u015bwiadcza? Na niekt\u00f3re czekamy z rado\u015bci\u0105, innych si\u0119 obawiamy, ale faktem jest, \u017ce nie spos\u00f3b ich unikn\u0105\u0107. S\u0105 ludzie, kt\u00f3rzy nie potrafi\u0105 bez nich \u017cy\u0107 i sami je inicjuj\u0105, aby w \u017cyciu [&hellip;]<\/p>\n","protected":false},"author":3,"featured_media":670,"comment_status":"open","ping_status":"open","sticky":false,"template":"","format":"standard","meta":[],"categories":[2],"tags":[],"_links":{"self":[{"href":"https:\/\/wojnarowska.blog\/index.php\/wp-json\/wp\/v2\/posts\/667"}],"collection":[{"href":"https:\/\/wojnarowska.blog\/index.php\/wp-json\/wp\/v2\/posts"}],"about":[{"href":"https:\/\/wojnarowska.blog\/index.php\/wp-json\/wp\/v2\/types\/post"}],"author":[{"embeddable":true,"href":"https:\/\/wojnarowska.blog\/index.php\/wp-json\/wp\/v2\/users\/3"}],"replies":[{"embeddable":true,"href":"https:\/\/wojnarowska.blog\/index.php\/wp-json\/wp\/v2\/comments?post=667"}],"version-history":[{"count":2,"href":"https:\/\/wojnarowska.blog\/index.php\/wp-json\/wp\/v2\/posts\/667\/revisions"}],"predecessor-version":[{"id":669,"href":"https:\/\/wojnarowska.blog\/index.php\/wp-json\/wp\/v2\/posts\/667\/revisions\/669"}],"wp:featuredmedia":[{"embeddable":true,"href":"https:\/\/wojnarowska.blog\/index.php\/wp-json\/wp\/v2\/media\/670"}],"wp:attachment":[{"href":"https:\/\/wojnarowska.blog\/index.php\/wp-json\/wp\/v2\/media?parent=667"}],"wp:term":[{"taxonomy":"category","embeddable":true,"href":"https:\/\/wojnarowska.blog\/index.php\/wp-json\/wp\/v2\/categories?post=667"},{"taxonomy":"post_tag","embeddable":true,"href":"https:\/\/wojnarowska.blog\/index.php\/wp-json\/wp\/v2\/tags?post=667"}],"curies":[{"name":"wp","href":"https:\/\/api.w.org\/{rel}","templated":true}]}}