{"id":671,"date":"2024-09-24T15:17:34","date_gmt":"2024-09-24T15:17:34","guid":{"rendered":"https:\/\/wojnarowska.blog\/?p=671"},"modified":"2024-09-24T15:26:21","modified_gmt":"2024-09-24T15:26:21","slug":"agata-sawicka-dziewczyna-w-mundurze","status":"publish","type":"post","link":"https:\/\/wojnarowska.blog\/index.php\/2024\/09\/24\/agata-sawicka-dziewczyna-w-mundurze\/","title":{"rendered":"Agata Sawicka &#8222;Dziewczyna w mundurze&#8221;"},"content":{"rendered":"\n<blockquote class=\"wp-block-quote\"><p>Mi\u0142o\u015b\u0107 i drugi cz\u0142owiek s\u0105 zdecydowanie najcenniejszymi darami, jakie mo\u017cna otrzyma\u0107 od losu.<\/p><\/blockquote>\n\n\n\n<p>Kto dzi\u015b zastanawia si\u0119 nad tym, czy kocha swoj\u0105 ojczyzn\u0119 i jak wiele by\u0142by w stanie dla niej po\u015bwi\u0119ci\u0107. Idea patriotyzmu nie jest nam obca, ale jego realne znaczenie cz\u0119sto nad umyka i nie przyk\u0142adamy wi\u0119kszej uwagi do tego, dlaczego nazwaliby\u015bmy siebie patriot\u0105. \u017byjemy w wolnym kraju, wi\u0119c noszenie munduru cz\u0119sto kojarzy nam si\u0119 po prostu z zawodem, pewn\u0105 \u015bcie\u017ck\u0105 \u017cyciow\u0105, kt\u00f3r\u0105 kto\u015b \u015bwiadomie wybra\u0142. Mo\u017cna to uzna\u0107 za przywilej, \u017ce teraz mo\u017cemy, a nie musimy. Czasy wojny jednak nie pytaj\u0105 nas niestety o zdanie.<\/p>\n\n\n\n<blockquote class=\"wp-block-quote\"><p>Gdybym ci\u0105gle zastanawia\u0142 si\u0119 nad tym, co robi\u0119, zwariowa\u0142bym &#8211; wyszepta\u0142 w jej w\u0142osy. &#8211; Dlatego tutaj przychodz\u0119 i my\u015bl\u0119 o przysz\u0142o\u015bci. O ludziach, kt\u00f3rzy kiedy\u015b b\u0119d\u0105 \u017cy\u0107 zamiast nas. To wszystko robi\u0119 po to, \u017ceby oni kiedy\u015b nie musieli dokonywa\u0107 wybor\u00f3w, kt\u00f3rych ja dokonuj\u0119 dzisiaj.<\/p><\/blockquote>\n\n\n\n<p>Sonia D\u0105browska, m\u0142oda przedszkolanka, postanawia wst\u0105pi\u0107 do wojska jako ochotniczka, aby odby\u0107 podstawowe szkolenie wojskowe. Jako pow\u00f3d swojej decyzji podaje swoj\u0105 prababci\u0119, kt\u00f3ra stanowi dla niej wz\u00f3r odwagi i kobiecej si\u0142y. Ta oto krewna tak\u017ce kiedy\u015b podj\u0119\u0142a podobn\u0105 decyzj\u0119. Tylko czy mia\u0142a jakikolwiek wyb\u00f3r? By\u0142a wojna, trzeba by\u0142o walczy\u0107. A kiedy zabiera nam ona wszystkich, kt\u00f3rych kochali\u015bmy, jedyn\u0105 obron\u0105 jest atak, ch\u0119\u0107 buntu i poczucie, \u017ce &#8222;[j]eszcze dzisiaj \u017cyjemy&#8221;. Ta oto prababcia Luiza sta\u0142a si\u0119 dla Soni synonimem patriotyzmu &#8211; obro\u0144czyni\u0105 wolno\u015bci kraju, s\u0142owa i mi\u0142o\u015bci.<\/p>\n\n\n\n<blockquote class=\"wp-block-quote\"><p>Luiza nauczy\u0142a si\u0119, \u017ce nic nie jest w stanie cz\u0142owieka z\u0142ama\u0107, bo jego nie\u015bmiertelna dusza zawsze si\u0119 odrodzi.<\/p><\/blockquote>\n\n\n\n<p>Zar\u00f3wno Sonia, jak i Luiza pr\u00f3buj\u0105 pokona\u0107 swoje ograniczenia, aby pokaza\u0107, \u017ce si\u0142a nie bierze si\u0119 tylko z mi\u0119\u015bni i sprawno\u015bci fizycznej. Nie trzeba by\u0107 si\u0142aczem czy strzelcem wyborowym, aby ocali\u0107 komu\u015b \u017cycie. Trzeba by\u0107 po prostu dobrym cz\u0142owiekiem, kt\u00f3ry kieruje si\u0119 w \u017cyciu mi\u0142o\u015bci\u0105 do drugiego cz\u0142owieka. Zaakceptowanie swoich s\u0142abo\u015bci to przekucie ich w osobist\u0105 si\u0142\u0119 i moc do dokonywania rzeczy niemo\u017cliwych. To w\u0142a\u015bnie \u015bwiadomo\u015b\u0107 w\u0142asnych s\u0142abych stron zmusza nas do poszukiwania tych, kt\u00f3re wyr\u00f3\u017cniaj\u0105 nas po\u015br\u00f3d innych. A odwaga jest tylko ich wynikiem. <\/p>\n\n\n\n<p>Powie\u015b\u0107 Agaty Sawickiej to zderzenie ze sob\u0105 dw\u00f3ch \u015bwiat\u00f3w, kt\u00f3re oddalone od siebie o prawie sto lat, pokazuj\u0105 nam pot\u0119g\u0119 brania odpowiedzialno\u015bci za swoje decyzje. I chocia\u017c cz\u0119sto wybory nie s\u0105 \u0142atwe ani oczywiste, to \u015bwiadomo\u015b\u0107 ich dokonywania ratuje cz\u0142owieka przed poczuciem przegranej. Za\u0142o\u017cenie munduru dzisiaj to \u015bwiadomy wyb\u00f3r, za\u0142o\u017cenie go kiedy\u015b to niejako brak wyboru. W obu jednak przypadkach, tylko si\u0142a charakteru, a nie ta fizyczna, pozwalaj\u0105 na uczciwe jego noszenie. Honor, empatia i poszanowanie godno\u015bci drugiego cz\u0142owieka to warto\u015bci, kt\u00f3re nie przemijaj\u0105. Kto z nas mia\u0142by tyle odwagi, aby za\u0142o\u017cy\u0107 mundur i skonfrontowa\u0107 si\u0119 ze swoim wewn\u0119trznym <em>ja<\/em>? <\/p>\n\n\n\n<p>Polecam.<\/p>\n\n\n\n<p>*Wszystkie cytaty pochodz\u0105 z ksi\u0105\u017cki Agata Sawicka, <em>Dziewczyna w mundurze<\/em>, Wydawnictwo Dragon, 2024<\/p>\n","protected":false},"excerpt":{"rendered":"<p>Mi\u0142o\u015b\u0107 i drugi cz\u0142owiek s\u0105 zdecydowanie najcenniejszymi darami, jakie mo\u017cna otrzyma\u0107 od losu. Kto dzi\u015b zastanawia si\u0119 nad tym, czy kocha swoj\u0105 ojczyzn\u0119 i jak wiele by\u0142by w stanie dla niej po\u015bwi\u0119ci\u0107. Idea patriotyzmu nie jest nam obca, ale jego realne znaczenie cz\u0119sto nad umyka i nie przyk\u0142adamy wi\u0119kszej uwagi do tego, dlaczego nazwaliby\u015bmy siebie [&hellip;]<\/p>\n","protected":false},"author":3,"featured_media":673,"comment_status":"open","ping_status":"open","sticky":false,"template":"","format":"standard","meta":[],"categories":[13],"tags":[],"_links":{"self":[{"href":"https:\/\/wojnarowska.blog\/index.php\/wp-json\/wp\/v2\/posts\/671"}],"collection":[{"href":"https:\/\/wojnarowska.blog\/index.php\/wp-json\/wp\/v2\/posts"}],"about":[{"href":"https:\/\/wojnarowska.blog\/index.php\/wp-json\/wp\/v2\/types\/post"}],"author":[{"embeddable":true,"href":"https:\/\/wojnarowska.blog\/index.php\/wp-json\/wp\/v2\/users\/3"}],"replies":[{"embeddable":true,"href":"https:\/\/wojnarowska.blog\/index.php\/wp-json\/wp\/v2\/comments?post=671"}],"version-history":[{"count":4,"href":"https:\/\/wojnarowska.blog\/index.php\/wp-json\/wp\/v2\/posts\/671\/revisions"}],"predecessor-version":[{"id":677,"href":"https:\/\/wojnarowska.blog\/index.php\/wp-json\/wp\/v2\/posts\/671\/revisions\/677"}],"wp:featuredmedia":[{"embeddable":true,"href":"https:\/\/wojnarowska.blog\/index.php\/wp-json\/wp\/v2\/media\/673"}],"wp:attachment":[{"href":"https:\/\/wojnarowska.blog\/index.php\/wp-json\/wp\/v2\/media?parent=671"}],"wp:term":[{"taxonomy":"category","embeddable":true,"href":"https:\/\/wojnarowska.blog\/index.php\/wp-json\/wp\/v2\/categories?post=671"},{"taxonomy":"post_tag","embeddable":true,"href":"https:\/\/wojnarowska.blog\/index.php\/wp-json\/wp\/v2\/tags?post=671"}],"curies":[{"name":"wp","href":"https:\/\/api.w.org\/{rel}","templated":true}]}}